{"id":298,"date":"2023-10-07T16:59:19","date_gmt":"2023-10-07T16:59:19","guid":{"rendered":"https:\/\/www.jozefgaspierik.cz\/?p=298"},"modified":"2024-10-05T09:32:16","modified_gmt":"2024-10-05T09:32:16","slug":"vanocni-foceni-2023","status":"publish","type":"post","link":"https:\/\/www.jozefgaspierik.cz\/?p=298","title":{"rendered":"V\u00e1no\u010dn\u00ed focen\u00ed 2024"},"content":{"rendered":"\n<p><strong>Cena 2.000,- K\u010d<\/strong>\u00a0(cca 0,5 &#8211; 1 hod. focen\u00ed)<\/p>\n\n\n\n<ul class=\"wp-block-list\">\n<li>10ks&nbsp;&nbsp;UPRAVEN\u00ddCH FOTOGRAFI\u00cd v barevn\u00e9 a \u010dernob\u00edl\u00e9 \u00faprav\u011b<\/li>\n\n\n\n<li>ka\u017ed\u00e1 dal\u0161\u00ed fotografie nad r\u00e1mec bal\u00ed\u010dku 300 K\u010d<\/li>\n<\/ul>\n\n\n\n<figure class=\"wp-block-image size-large\"><img loading=\"lazy\" decoding=\"async\" width=\"726\" height=\"1024\" src=\"http:\/\/www.jozefgaspierik.cz\/wp-content\/uploads\/2023\/10\/Vanocni-foceni-2023_portret-726x1024.png\" alt=\"\" class=\"wp-image-309\" srcset=\"https:\/\/www.jozefgaspierik.cz\/wp-content\/uploads\/2023\/10\/Vanocni-foceni-2023_portret-726x1024.png 726w, https:\/\/www.jozefgaspierik.cz\/wp-content\/uploads\/2023\/10\/Vanocni-foceni-2023_portret-213x300.png 213w, https:\/\/www.jozefgaspierik.cz\/wp-content\/uploads\/2023\/10\/Vanocni-foceni-2023_portret-768x1083.png 768w, https:\/\/www.jozefgaspierik.cz\/wp-content\/uploads\/2023\/10\/Vanocni-foceni-2023_portret-1090x1536.png 1090w, https:\/\/www.jozefgaspierik.cz\/wp-content\/uploads\/2023\/10\/Vanocni-foceni-2023_portret.png 1240w\" sizes=\"auto, (max-width: 726px) 100vw, 726px\" \/><\/figure>\n\n\n\n<figure class=\"wp-block-image size-large\"><img loading=\"lazy\" decoding=\"async\" width=\"726\" height=\"1024\" src=\"http:\/\/www.jozefgaspierik.cz\/wp-content\/uploads\/2023\/10\/Vanocni-foceni-2023_exterier-726x1024.png\" alt=\"\" class=\"wp-image-308\" srcset=\"https:\/\/www.jozefgaspierik.cz\/wp-content\/uploads\/2023\/10\/Vanocni-foceni-2023_exterier-726x1024.png 726w, https:\/\/www.jozefgaspierik.cz\/wp-content\/uploads\/2023\/10\/Vanocni-foceni-2023_exterier-213x300.png 213w, https:\/\/www.jozefgaspierik.cz\/wp-content\/uploads\/2023\/10\/Vanocni-foceni-2023_exterier-768x1083.png 768w, https:\/\/www.jozefgaspierik.cz\/wp-content\/uploads\/2023\/10\/Vanocni-foceni-2023_exterier-1090x1536.png 1090w, https:\/\/www.jozefgaspierik.cz\/wp-content\/uploads\/2023\/10\/Vanocni-foceni-2023_exterier.png 1240w\" sizes=\"auto, (max-width: 726px) 100vw, 726px\" \/><\/figure>\n\n\n\n<figure class=\"wp-block-image size-large\"><img loading=\"lazy\" decoding=\"async\" width=\"726\" height=\"1024\" src=\"http:\/\/www.jozefgaspierik.cz\/wp-content\/uploads\/2023\/10\/Vanocni-foceni-2023_interier-726x1024.png\" alt=\"\" class=\"wp-image-307\" srcset=\"https:\/\/www.jozefgaspierik.cz\/wp-content\/uploads\/2023\/10\/Vanocni-foceni-2023_interier-726x1024.png 726w, https:\/\/www.jozefgaspierik.cz\/wp-content\/uploads\/2023\/10\/Vanocni-foceni-2023_interier-213x300.png 213w, https:\/\/www.jozefgaspierik.cz\/wp-content\/uploads\/2023\/10\/Vanocni-foceni-2023_interier-768x1083.png 768w, https:\/\/www.jozefgaspierik.cz\/wp-content\/uploads\/2023\/10\/Vanocni-foceni-2023_interier-1090x1536.png 1090w, https:\/\/www.jozefgaspierik.cz\/wp-content\/uploads\/2023\/10\/Vanocni-foceni-2023_interier.png 1240w\" sizes=\"auto, (max-width: 726px) 100vw, 726px\" \/><\/figure>\n","protected":false},"excerpt":{"rendered":"<p>Cena 2.000,- K\u010d\u00a0(cca 0,5 &#8211; 1 hod. focen\u00ed)<\/p>\n","protected":false},"author":1,"featured_media":307,"comment_status":"open","ping_status":"open","sticky":false,"template":"","format":"standard","meta":{"footnotes":""},"categories":[1],"tags":[],"class_list":["post-298","post","type-post","status-publish","format-standard","has-post-thumbnail","hentry","category-uncategorized"],"acf":[],"_links":{"self":[{"href":"https:\/\/www.jozefgaspierik.cz\/index.php?rest_route=\/wp\/v2\/posts\/298","targetHints":{"allow":["GET"]}}],"collection":[{"href":"https:\/\/www.jozefgaspierik.cz\/index.php?rest_route=\/wp\/v2\/posts"}],"about":[{"href":"https:\/\/www.jozefgaspierik.cz\/index.php?rest_route=\/wp\/v2\/types\/post"}],"author":[{"embeddable":true,"href":"https:\/\/www.jozefgaspierik.cz\/index.php?rest_route=\/wp\/v2\/users\/1"}],"replies":[{"embeddable":true,"href":"https:\/\/www.jozefgaspierik.cz\/index.php?rest_route=%2Fwp%2Fv2%2Fcomments&post=298"}],"version-history":[{"count":7,"href":"https:\/\/www.jozefgaspierik.cz\/index.php?rest_route=\/wp\/v2\/posts\/298\/revisions"}],"predecessor-version":[{"id":384,"href":"https:\/\/www.jozefgaspierik.cz\/index.php?rest_route=\/wp\/v2\/posts\/298\/revisions\/384"}],"wp:featuredmedia":[{"embeddable":true,"href":"https:\/\/www.jozefgaspierik.cz\/index.php?rest_route=\/wp\/v2\/media\/307"}],"wp:attachment":[{"href":"https:\/\/www.jozefgaspierik.cz\/index.php?rest_route=%2Fwp%2Fv2%2Fmedia&parent=298"}],"wp:term":[{"taxonomy":"category","embeddable":true,"href":"https:\/\/www.jozefgaspierik.cz\/index.php?rest_route=%2Fwp%2Fv2%2Fcategories&post=298"},{"taxonomy":"post_tag","embeddable":true,"href":"https:\/\/www.jozefgaspierik.cz\/index.php?rest_route=%2Fwp%2Fv2%2Ftags&post=298"}],"curies":[{"name":"wp","href":"https:\/\/api.w.org\/{rel}","templated":true}]}}