{"id":313,"date":"2024-02-11T09:14:56","date_gmt":"2024-02-11T09:14:56","guid":{"rendered":"https:\/\/www.jozefgaspierik.cz\/?p=313"},"modified":"2024-03-10T09:52:50","modified_gmt":"2024-03-10T09:52:50","slug":"foceni-zubru-ve-volne-prirode","status":"publish","type":"post","link":"https:\/\/www.jozefgaspierik.cz\/?p=313","title":{"rendered":"Focen\u00ed zubr\u016f ve voln\u00e9 p\u0159\u00edrod\u011b"},"content":{"rendered":"\n<h2 class=\"wp-block-heading\">&#8222;V&nbsp;lednu 2024 jsem m\u011bl mo\u017enost fotit zubry ve voln\u00e9 p\u0159\u00edrod\u011b v&nbsp;B\u011blov\u011b\u017esk\u00e9m pralese v&nbsp;Polsku&#8220;<\/h2>\n\n\n\n<p>Ve fotografii jsem v\u00edcem\u00e9n\u011b zam\u011b\u0159en\u00fd na portr\u00e9t a wildlife photografy je pro m\u011b neprob\u00e1dan\u00e9 \u00fazem\u00ed&#8230; Nicm\u00e9n\u011b vystoupit z&nbsp;komfortn\u00ed z\u00f3ny je stejn\u011b d\u016fle\u017eit\u00e9 jako um\u011bleck\u00e1 tvorba samotn\u00e1.<\/p>\n\n\n\n<p>Kdy\u017e jsem se rozhodnul, \u017ee fotografov\u00e1n\u00ed absolvuji, tak m\u00e9 vnit\u0159n\u00ed j\u00e1 zasypaly ot\u00e1zky m\u00e9ho zodpov\u011bdn\u00e9ho p\u0159\u00edstupu k tvorb\u011b; \u010c\u00edm budu vlastn\u011b fotit? Co si na sebe oble\u010du, abych tam neumrznul? Co v\u0161echno si sebou bubu muset vz\u00edt, abych v&nbsp;t\u00e9 divo\u010din\u011b p\u0159e\u017eil? \ud83d\ude42 \u2026a mnoho dal\u0161\u00edch ot\u00e1zek!<\/p>\n\n\n\n<p>Rozhodnut\u00ed absolvovat toto focen\u00ed jsem si obh\u00e1jil slovy; &#8222;Kdysi jsem tr\u00e1vil spoustu \u010dasu v&nbsp;p\u0159\u00edrod\u011b, jeliko\u017e jsem se narodil ve Slovensk\u00e9m m\u011bst\u011b Ru\u017eomberok, kter\u00e9 obklopuje \u00fa\u017easn\u00e1 p\u0159\u00edroda, poho\u0159\u00ed Mal\u00e1 a Velk\u00e1 Fatra a d\u00e1le N\u00edzk\u00e9 a Vysok\u00e9 Tatry. Tak\u00e9 kdy\u017e jsem doma s\u00e1m, v&nbsp;televizi m\u00e1m v\u017edy zapnut\u00fd obl\u00edben\u00fd program Prima ZOOM, kde cel\u00fd den b\u011b\u017e\u00ed po\u0159ady spojen\u00e9 se zv\u00ed\u0159aty, anebo s p\u0159\u00edrodou\u2026 Tedy fotit a b\u00fdt v&nbsp;p\u0159\u00edrod\u011b m\u016f\u017ee b\u00fdt fajn!&#8220;<\/p>\n\n\n\n<p>Fot\u00edm na fotoapar\u00e1t Fujifilm GFX 50S II, kter\u00fd miluji, proto\u017ee je v\u00edc ne\u017e skv\u011bl\u00fd na typ focen\u00ed, kter\u00fd ve sv\u00e9m fotografick\u00e9m \u017e\u00e1nru preferuji. Tak\u00e9 objektivy a jejich ohniska, kter\u00e9 jsem m\u011bl za\u010dlen\u011bn\u00e9 do m\u00e9 aktu\u00e1ln\u00ed fotov\u00fdbavy tomu odpov\u00eddali.&nbsp;<\/p>\n\n\n\n<p>Dle doporu\u010den\u00ed zku\u0161en\u00fdch fotograf\u016f na tento typ focen\u00ed se hod\u00ed sp\u00ed\u0161 teleobjektiv s ohniskovou vzd\u00e1lenost\u00ed 400-600mm nebo i del\u0161\u00ed, jeliko\u017e je nevyhnutn\u00e9 si dr\u017eet dostate\u010dn\u00fd a bezpe\u010dn\u00fd odstup. V&nbsp;roadmap u syst\u00e9mu GFX je aktu\u00e1ln\u011b nejdel\u0161\u00ed objektiv 250mm a je nevyhnutn\u00e9 p\u0159ijmout fakt \u201ereverse crop factor\u201c 0,79x st\u0159edoform\u00e1tov\u00e9ho sn\u00edma\u010de ve srovn\u00e1n\u00ed s full frame 35mm.<\/p>\n\n\n\n<p>M\u016fj stav fotov\u00fdbavy byl tedy na rozcest\u00ed, zda si budu muset po\u0159\u00eddit nov\u00e9 t\u011blo spole\u010dn\u011b s nov\u00fdm vhodn\u00fdm teleobjektivem. Za\u010dal jsem sondovat, co se d\u00e1 na trhu aktu\u00e1ln\u011b po\u0159\u00eddit, a nakonec jsem se rozhodl stav\u011bt na m\u00e9m sou\u010dasn\u00e9m fotoapar\u00e1tu.<\/p>\n\n\n\n<p>M\u016fj fotoapar\u00e1t je vhodn\u00fd zejm\u00e9na na statick\u00e9 fotografov\u00e1n\u00ed a je ut\u011bsn\u011bn proti vliv\u016fm po\u010das\u00ed, co\u017e je skv\u011bl\u00fd z\u00e1klad j\u00edt do p\u0159\u00edrody\u2026 A zub\u0159i ur\u010dit\u011b netrp\u00ed hyperaktivitou a neproh\u00e1n\u00ed se p\u0159\u00edrodou ladnost\u00ed kon\u011b P\u0159evalsk\u00e9ho. Jinak vid\u011bt b\u011b\u017eet zubry byla docela sranda, jak jsou mohutn\u00ed a neohraban\u00ed, tak to na m\u011b p\u016fsobilo jako kdy\u017e synchronizovan\u011b b\u011b\u017e\u00ed t\u011b\u017ekoton\u00e1\u017en\u00ed d\u0159ev\u011bn\u00ed houpac\u00ed kon\u00edci. \ud83d\ude42 Jako by v\u016fbec v&nbsp;n\u011bkter\u00fdch pas\u00e1\u017e\u00edch b\u011bhu nekr\u010dili klouby, ale sp\u00ed\u0161 vyu\u017e\u00edvali houpac\u00edho efektu a kinetick\u00e9 energie. <\/p>\n\n\n\n<p>Zjistil jsem z&nbsp;f\u00f3ra u\u017eivatel\u016f GFX, \u017ee teleobjektiv Tamron SP 150-600mm F\/5-6.3 Di VC USD G2 pro Canon vykresl\u00ed cel\u00e9 pole sn\u00edma\u010de 44x33mm bez vet\u0161\u00ed vin\u011btace. Hur\u00e1, docela dostupn\u00fd objektiv s&nbsp;dobr\u00fdm rozsahem! Podle informac\u00ed, kter\u00e9 jsem si proaktivn\u011b na\u010detl, nejl\u00e9pe funguje s&nbsp;redukc\u00ed Fringer, kter\u00e1 bohu\u017eel v&nbsp;\u010cR nen\u00ed b\u011b\u017en\u011b dostupn\u00e1. Tady m\u00e9 nad\u0161en\u00ed opadlo\u2026<\/p>\n\n\n\n<p>Zakoupil jsem tedy dostupnou redukci Techart, nicm\u00e9n\u011b z&nbsp;nad\u0161en\u00ed se stalo zklam\u00e1n\u00ed, jeliko\u017e tato kombinace nepracovala spr\u00e1vn\u011b a autofokus (AF) byl ne\u010dinn\u00fd. Redukci jsem tedy vr\u00e1til a byl jsem p\u0159ed rozhodnut\u00edm, jestli si po\u0159\u00eddit dal\u0161\u00ed jinou AF redukci. Tentokr\u00e1t jsem nic nenechal n\u00e1hod\u011b a p\u0159ed samotn\u00fdm po\u0159\u00edzen\u00edm jsem fotoapar\u00e1t s&nbsp;objektivem odzkou\u0161el u kamar\u00e1da Tom\u00e1\u0161e, kter\u00fd ji\u017e adapt\u00e9r Metabones vlastnil. Sestava fungovala skv\u011ble a adapt\u00e9r jsem si ihned objednal.<\/p>\n\n\n\n<p>Kone\u010dn\u011b se mi poda\u0159ilo zodpov\u011bd\u011bt a hlavn\u011b vy\u0159e\u0161it prvn\u00ed d\u016fle\u017eitou ot\u00e1zku \u201e\u010c\u00edm budu vlastn\u011b fotit?\u201c!<\/p>\n\n\n\n<p>Nebudu v\u00e1s d\u00e1le ub\u00edjet textem a strastmi v\u0161ech p\u0159\u00edprav, ale i tohle k tomu pat\u0159\u00ed. Umrznout jsem neumrznul a hlady jsem neum\u0159el&#8230; Naopak jsem si pochutnal na skv\u011bl\u00fdch masov\u00fdch piroz\u00edch. A co m\u011b t\u011b\u0161\u00ed nejv\u00edc je, \u017ee m\u016fj p\u0159\u00edstup a \u00favahy byly spr\u00e1vn\u00e9. \u201eFotit a b\u00fdt v&nbsp;p\u0159\u00edrod\u011b m\u016f\u017ee b\u00fdt fajn!\u201c bych opravil na &#8222;Fotit a b\u00fdt v p\u0159\u00edrod\u011b m\u016f\u017ee b\u00fdt z\u00e1\u017eitek!&#8220; A z\u00e1\u017eitek to pro m\u011b opravdu byl! <\/p>\n\n\n\n<p>Co opravdu ned\u011blat p\u0159i focen\u00ed div\u00fdch zv\u00ed\u0159at v p\u0159\u00edrod\u011b? V podstat\u011b to sam\u00e9, co plat\u00ed i p\u0159i focen\u00ed lid\u00ed, nesm\u00edte je hlavn\u011b vylekat! \ud83d\ude09<\/p>\n\n\n\n<p>Tady mal\u00e1 uk\u00e1zka z&nbsp;focen\u00ed; <\/p>\n\n\n\n<p>Fujifilm&nbsp; GFX 50S II, adapt\u00e9r Metabones, Tamron SP 150-600mm F\/5-6.3 Di VC USD G2 pro Canon<\/p>\n\n\n\n<figure class=\"wp-block-image size-large\"><img loading=\"lazy\" decoding=\"async\" width=\"1024\" height=\"768\" src=\"http:\/\/www.jozefgaspierik.cz\/wp-content\/uploads\/2024\/02\/DSCF6543_web-1024x768.jpg\" alt=\"\" class=\"wp-image-318\" srcset=\"https:\/\/www.jozefgaspierik.cz\/wp-content\/uploads\/2024\/02\/DSCF6543_web-1024x768.jpg 1024w, https:\/\/www.jozefgaspierik.cz\/wp-content\/uploads\/2024\/02\/DSCF6543_web-300x225.jpg 300w, https:\/\/www.jozefgaspierik.cz\/wp-content\/uploads\/2024\/02\/DSCF6543_web-768x576.jpg 768w\" sizes=\"auto, (max-width: 1024px) 100vw, 1024px\" \/><\/figure>\n\n\n\n<figure class=\"wp-block-image size-large\"><img loading=\"lazy\" decoding=\"async\" width=\"1024\" height=\"768\" src=\"http:\/\/www.jozefgaspierik.cz\/wp-content\/uploads\/2024\/02\/DSCF6967_edit_final_web-1024x768.jpg\" alt=\"\" class=\"wp-image-319\" srcset=\"https:\/\/www.jozefgaspierik.cz\/wp-content\/uploads\/2024\/02\/DSCF6967_edit_final_web-1024x768.jpg 1024w, https:\/\/www.jozefgaspierik.cz\/wp-content\/uploads\/2024\/02\/DSCF6967_edit_final_web-300x225.jpg 300w, https:\/\/www.jozefgaspierik.cz\/wp-content\/uploads\/2024\/02\/DSCF6967_edit_final_web-768x576.jpg 768w\" sizes=\"auto, (max-width: 1024px) 100vw, 1024px\" \/><\/figure>\n\n\n\n<figure class=\"wp-block-image size-large\"><img loading=\"lazy\" decoding=\"async\" width=\"1024\" height=\"768\" src=\"http:\/\/www.jozefgaspierik.cz\/wp-content\/uploads\/2024\/02\/DSCF7218_edit_final_web-1024x768.jpg\" alt=\"\" class=\"wp-image-330\" srcset=\"https:\/\/www.jozefgaspierik.cz\/wp-content\/uploads\/2024\/02\/DSCF7218_edit_final_web-1024x768.jpg 1024w, https:\/\/www.jozefgaspierik.cz\/wp-content\/uploads\/2024\/02\/DSCF7218_edit_final_web-300x225.jpg 300w, https:\/\/www.jozefgaspierik.cz\/wp-content\/uploads\/2024\/02\/DSCF7218_edit_final_web-768x576.jpg 768w, https:\/\/www.jozefgaspierik.cz\/wp-content\/uploads\/2024\/02\/DSCF7218_edit_final_web-1536x1152.jpg 1536w, https:\/\/www.jozefgaspierik.cz\/wp-content\/uploads\/2024\/02\/DSCF7218_edit_final_web-2048x1536.jpg 2048w\" sizes=\"auto, (max-width: 1024px) 100vw, 1024px\" \/><\/figure>\n\n\n\n<figure class=\"wp-block-image size-large\"><img loading=\"lazy\" decoding=\"async\" width=\"768\" height=\"1024\" src=\"http:\/\/www.jozefgaspierik.cz\/wp-content\/uploads\/2024\/02\/DSCF6957_web-768x1024.jpg\" alt=\"\" class=\"wp-image-315\" srcset=\"https:\/\/www.jozefgaspierik.cz\/wp-content\/uploads\/2024\/02\/DSCF6957_web-768x1024.jpg 768w, https:\/\/www.jozefgaspierik.cz\/wp-content\/uploads\/2024\/02\/DSCF6957_web-225x300.jpg 225w, https:\/\/www.jozefgaspierik.cz\/wp-content\/uploads\/2024\/02\/DSCF6957_web-1152x1536.jpg 1152w, https:\/\/www.jozefgaspierik.cz\/wp-content\/uploads\/2024\/02\/DSCF6957_web-1536x2048.jpg 1536w, https:\/\/www.jozefgaspierik.cz\/wp-content\/uploads\/2024\/02\/DSCF6957_web-scaled.jpg 1920w\" sizes=\"auto, (max-width: 768px) 100vw, 768px\" \/><\/figure>\n\n\n\n<figure class=\"wp-block-image size-large\"><img loading=\"lazy\" decoding=\"async\" width=\"1024\" height=\"768\" src=\"http:\/\/www.jozefgaspierik.cz\/wp-content\/uploads\/2024\/02\/DSCF7639-1_edit_web-1024x768.jpg\" alt=\"\" class=\"wp-image-353\" srcset=\"https:\/\/www.jozefgaspierik.cz\/wp-content\/uploads\/2024\/02\/DSCF7639-1_edit_web-1024x768.jpg 1024w, https:\/\/www.jozefgaspierik.cz\/wp-content\/uploads\/2024\/02\/DSCF7639-1_edit_web-300x225.jpg 300w, https:\/\/www.jozefgaspierik.cz\/wp-content\/uploads\/2024\/02\/DSCF7639-1_edit_web-768x576.jpg 768w\" sizes=\"auto, (max-width: 1024px) 100vw, 1024px\" \/><\/figure>\n\n\n\n<figure class=\"wp-block-image size-large\"><img loading=\"lazy\" decoding=\"async\" width=\"1024\" height=\"768\" src=\"http:\/\/www.jozefgaspierik.cz\/wp-content\/uploads\/2024\/02\/DSCF7168-3_web-1024x768.jpg\" alt=\"\" class=\"wp-image-331\" srcset=\"https:\/\/www.jozefgaspierik.cz\/wp-content\/uploads\/2024\/02\/DSCF7168-3_web-1024x768.jpg 1024w, https:\/\/www.jozefgaspierik.cz\/wp-content\/uploads\/2024\/02\/DSCF7168-3_web-300x225.jpg 300w, https:\/\/www.jozefgaspierik.cz\/wp-content\/uploads\/2024\/02\/DSCF7168-3_web-768x576.jpg 768w\" sizes=\"auto, (max-width: 1024px) 100vw, 1024px\" \/><\/figure>\n","protected":false},"excerpt":{"rendered":"<p>&#8222;V&nbsp;lednu 2024 jsem m\u011bl mo\u017enost fotit zubry ve voln\u00e9 p\u0159\u00edrod\u011b v&nbsp;B\u011blov\u011b\u017esk\u00e9m pralese v&nbsp;Polsku&#8220; Ve fotografii jsem v\u00edcem\u00e9n\u011b zam\u011b\u0159en\u00fd na portr\u00e9t a wildlife photografy je pro m\u011b neprob\u00e1dan\u00e9 \u00fazem\u00ed&#8230; Nicm\u00e9n\u011b vystoupit z&nbsp;komfortn\u00ed z\u00f3ny je stejn\u011b d\u016fle\u017eit\u00e9 jako um\u011bleck\u00e1 tvorba samotn\u00e1. Kdy\u017e jsem se rozhodnul, \u017ee fotografov\u00e1n\u00ed absolvuji, tak m\u00e9 vnit\u0159n\u00ed j\u00e1 zasypaly ot\u00e1zky m\u00e9ho zodpov\u011bdn\u00e9ho p\u0159\u00edstupu [&hellip;]<\/p>\n","protected":false},"author":1,"featured_media":315,"comment_status":"open","ping_status":"open","sticky":false,"template":"","format":"standard","meta":{"footnotes":""},"categories":[1],"tags":[],"class_list":["post-313","post","type-post","status-publish","format-standard","has-post-thumbnail","hentry","category-uncategorized"],"acf":[],"_links":{"self":[{"href":"https:\/\/www.jozefgaspierik.cz\/index.php?rest_route=\/wp\/v2\/posts\/313","targetHints":{"allow":["GET"]}}],"collection":[{"href":"https:\/\/www.jozefgaspierik.cz\/index.php?rest_route=\/wp\/v2\/posts"}],"about":[{"href":"https:\/\/www.jozefgaspierik.cz\/index.php?rest_route=\/wp\/v2\/types\/post"}],"author":[{"embeddable":true,"href":"https:\/\/www.jozefgaspierik.cz\/index.php?rest_route=\/wp\/v2\/users\/1"}],"replies":[{"embeddable":true,"href":"https:\/\/www.jozefgaspierik.cz\/index.php?rest_route=%2Fwp%2Fv2%2Fcomments&post=313"}],"version-history":[{"count":42,"href":"https:\/\/www.jozefgaspierik.cz\/index.php?rest_route=\/wp\/v2\/posts\/313\/revisions"}],"predecessor-version":[{"id":376,"href":"https:\/\/www.jozefgaspierik.cz\/index.php?rest_route=\/wp\/v2\/posts\/313\/revisions\/376"}],"wp:featuredmedia":[{"embeddable":true,"href":"https:\/\/www.jozefgaspierik.cz\/index.php?rest_route=\/wp\/v2\/media\/315"}],"wp:attachment":[{"href":"https:\/\/www.jozefgaspierik.cz\/index.php?rest_route=%2Fwp%2Fv2%2Fmedia&parent=313"}],"wp:term":[{"taxonomy":"category","embeddable":true,"href":"https:\/\/www.jozefgaspierik.cz\/index.php?rest_route=%2Fwp%2Fv2%2Fcategories&post=313"},{"taxonomy":"post_tag","embeddable":true,"href":"https:\/\/www.jozefgaspierik.cz\/index.php?rest_route=%2Fwp%2Fv2%2Ftags&post=313"}],"curies":[{"name":"wp","href":"https:\/\/api.w.org\/{rel}","templated":true}]}}